{"id":1940,"date":"2024-07-04T14:18:24","date_gmt":"2024-07-04T12:18:24","guid":{"rendered":"https:\/\/wilfriedandco.fr\/?p=1940"},"modified":"2025-02-12T18:49:36","modified_gmt":"2025-02-12T17:49:36","slug":"invitation-a-cannes-le-festival-international-du-parfum-inaugure-sa-premiere-edition","status":"publish","type":"post","link":"https:\/\/wilfriedandco.fr\/index.php\/2024\/07\/04\/invitation-a-cannes-le-festival-international-du-parfum-inaugure-sa-premiere-edition\/","title":{"rendered":"INVITATION \u00c0 CANNES : LE FESTIVAL INTERNATIONAL DU PARFUM INAUGURE SA PREMI\u00c8RE \u00c9DITION"},"content":{"rendered":"\n<p><em>Par Wilfried Nicault<\/em><\/p>\n\n\n\n<p><strong><br><\/strong><br><strong>Du vendredi 28 au lundi 31 mars Une nouvelle \u00e9toile s\u2019appr\u00eate \u00e0 briller sur la C\u00f4te d\u2019Azur.<\/strong><br>Les passionn\u00e9s de parfum, de beaut\u00e9 et de luxe du monde entier sont invit\u00e9s \u00e0 se r\u00e9unir pour un \u00e9v\u00e9nement unique. Organis\u00e9 par l\u2019association Passion Mode et Parfums pr\u00e9sid\u00e9e par Juliette Dubois, cet \u00e9v\u00e9nement promet d\u2019\u00eatre une c\u00e9l\u00e9bration somptueuse de l\u2019industrie du parfum, rassemblant des cr\u00e9ateurs, des marques et des amateurs venus des quatre coins du globe.&nbsp;<br><strong><br>Programme Raffin\u00e9&nbsp;<\/strong><br>Le festival offrira une vari\u00e9t\u00e9 d\u2019activit\u00e9s con\u00e7ues pour ravir tous les sens. Les visiteurs pourront d\u00e9couvrir des&nbsp;<strong>ateliers de cr\u00e9ation de parfum<\/strong>, des conf\u00e9rences anim\u00e9es par des experts de l\u2019industrie, et des expositions mettant en avant les derni\u00e8res innovations et tendances olfactives. Des&nbsp;<strong>d\u00e9monstrations en direct<\/strong>&nbsp;et des exp\u00e9riences interactives permettront aux participants de plonger dans le monde fascinant de la parfumerie. Des&nbsp;<strong>distributeurs de renom venus du monde entier<\/strong>&nbsp;seront invit\u00e9s pour rechercher les p\u00e9pites, ces talents et produits \u00e9mergents qui d\u00e9finiront les&nbsp;<strong>tendances de demain<\/strong>. Des Invit\u00e9s de Marque En plus des activit\u00e9s pr\u00e9vues, le festival accueillera des&nbsp;<strong>c\u00e9l\u00e9brit\u00e9s embl\u00e9matiques de l\u2019univers du parfum<\/strong>&nbsp;et de la beaut\u00e9, ajoutant une touche de glamour et d\u2019excitation suppl\u00e9mentaires. Parmi ces invit\u00e9s de marque, une ambassadrice internationale du parfum et&nbsp;<strong>un nez fran\u00e7ais r\u00e9put\u00e9<\/strong>&nbsp;partageront leur passion et leur expertise.&nbsp;<\/p>\n\n\n\n<p><strong>EVENEMENTS SPECIAUX<\/strong>&nbsp;<strong><br>Cocktail du Festival&nbsp;<\/strong>&nbsp;: Vendredi 28 mars \u00e0 19h, d\u00e9couvrez un nouveau lieu surprenant, 42 rue des Serbes, Cannes.&nbsp;50\u20ac\/pers<br><strong>Tombola du Festival<\/strong>&nbsp;: De nombreux lots \u00e0 gagner, enrichissant l&rsquo;exp\u00e9rience des participants.&nbsp;<\/p>\n\n\n\n<p><strong>SAMEDI 29 MARS&nbsp;20H&nbsp;<\/strong><\/p>\n\n\n\n<p>H\u00f4TEL CANOPY by HILTON<\/p>\n\n\n\n<p><strong>D\u00eeNER DE GALA<\/strong><\/p>\n\n\n\n<p>DEFILE DE PARFUMS&nbsp;<\/p>\n\n\n\n<p>240\u20ac\/pers<\/p>\n\n\n\n<p>PROGRAMME&nbsp;<strong>Vendredi 28<\/strong><strong>&nbsp;mars<\/strong><br>13h-18h Ouverture avec les officiels<br>19h Cocktail du Festival&nbsp;<\/p>\n\n\n\n<p><strong>Samedi 29 Mars<\/strong><br>10h00-18h00 : Journ\u00e9e compl\u00e8te d&rsquo;activit\u00e9s ouvertes.&nbsp;<br>14h00 : Conf\u00e9rences.&nbsp;<br><strong>20h D\u00eeNER DE GALA DEFILE DE PARFUMS<\/strong><\/p>\n\n\n\n<p><strong>Dimanche 30 Mars<\/strong><br>10h : Ateliers olfactifs pour une immersion profonde dans l&rsquo;univers des ar\u00f4mes.&nbsp;<br>14h00 : Conf\u00e9rences.&nbsp;<\/p>\n\n\n\n<p><strong>Lundi 31 Mars<\/strong><br>11h00 : Rendez-vous au 10 boulevard du Jeu de Ballon \u00e0 Grasse pour une visite guid\u00e9e du Mus\u00e9e de la Parfumerie et du centre historique de Grasse.&nbsp;<br><strong><br><\/strong><strong>Informations&nbsp;<\/strong><strong>Pratiques<\/strong>&nbsp;: Les passionn\u00e9s de parfumerie et de luxe sont encourag\u00e9s \u00e0 r\u00e9server leurs places d\u00e8s que possible pour ne pas manquer cette occasion unique. Pour plus de renseignements, veuillez contacter les organisateurs par email.&nbsp;<\/p>\n\n\n\n<p><strong>Le Festival International du Parfum \u00e0 Cannes<\/strong>&nbsp;est une c\u00e9l\u00e9bration de l\u2019amour de l\u2019industrie du parfum, de la beaut\u00e9, et du luxe. Rejoignez-nous pour cette premi\u00e8re \u00e9dition et laissez-vous emporter par un voyage olfactif sans pr\u00e9c\u00e9dent.&nbsp;<strong>Venez d\u00e9couvrir l\u2019art du parfum comme jamais auparavant.<\/strong><\/p>\n\n\n\n<p><em>Pour plus d&rsquo;informations, veuillez visiter notre site web ou nous contacter directement par les adresses email fournies.<\/em><\/p>\n\n\n\n<figure class=\"wp-block-gallery has-nested-images columns-default is-cropped wp-block-gallery-1 is-layout-flex wp-block-gallery-is-layout-flex\"><\/figure>\n\n\n\n<figure class=\"wp-block-image size-large is-resized\"><img loading=\"lazy\" decoding=\"async\" width=\"727\" height=\"1024\" src=\"https:\/\/wilfriedandco.fr\/wp-content\/uploads\/2024\/07\/FESTIVAL-INTERNATIONAL-DU-PARFUM-2-SPONSORS-1-2-727x1024.jpg\" alt=\"\" class=\"wp-image-1996\" style=\"width:764px;height:auto\" srcset=\"https:\/\/wilfriedandco.fr\/wp-content\/uploads\/2024\/07\/FESTIVAL-INTERNATIONAL-DU-PARFUM-2-SPONSORS-1-2-727x1024.jpg 727w, https:\/\/wilfriedandco.fr\/wp-content\/uploads\/2024\/07\/FESTIVAL-INTERNATIONAL-DU-PARFUM-2-SPONSORS-1-2-213x300.jpg 213w, https:\/\/wilfriedandco.fr\/wp-content\/uploads\/2024\/07\/FESTIVAL-INTERNATIONAL-DU-PARFUM-2-SPONSORS-1-2-768x1081.jpg 768w, https:\/\/wilfriedandco.fr\/wp-content\/uploads\/2024\/07\/FESTIVAL-INTERNATIONAL-DU-PARFUM-2-SPONSORS-1-2-1091x1536.jpg 1091w, https:\/\/wilfriedandco.fr\/wp-content\/uploads\/2024\/07\/FESTIVAL-INTERNATIONAL-DU-PARFUM-2-SPONSORS-1-2-1455x2048.jpg 1455w, https:\/\/wilfriedandco.fr\/wp-content\/uploads\/2024\/07\/FESTIVAL-INTERNATIONAL-DU-PARFUM-2-SPONSORS-1-2-400x563.jpg 400w, https:\/\/wilfriedandco.fr\/wp-content\/uploads\/2024\/07\/FESTIVAL-INTERNATIONAL-DU-PARFUM-2-SPONSORS-1-2-43x60.jpg 43w, https:\/\/wilfriedandco.fr\/wp-content\/uploads\/2024\/07\/FESTIVAL-INTERNATIONAL-DU-PARFUM-2-SPONSORS-1-2-64x90.jpg 64w, https:\/\/wilfriedandco.fr\/wp-content\/uploads\/2024\/07\/FESTIVAL-INTERNATIONAL-DU-PARFUM-2-SPONSORS-1-2.jpg 1795w\" sizes=\"auto, (max-width: 727px) 100vw, 727px\" \/><\/figure>\n\n\n\n<div class=\"wp-block-columns is-layout-flex wp-container-core-columns-is-layout-9d6595d7 wp-block-columns-is-layout-flex\">\n<div class=\"wp-block-column is-layout-flow wp-block-column-is-layout-flow\"><\/div>\n\n\n\n<div class=\"wp-block-column is-layout-flow wp-block-column-is-layout-flow\"><\/div>\n<\/div>\n\n\n\n<p><strong>DINER DE GALA&nbsp;<\/strong> <strong>FESTIVAL INTERNATIONAL DU PARFUM <\/strong><\/p>\n\n\n\n<p><strong>240 euros \/ pers<\/strong><\/p>\n\n\n\n<figure class=\"wp-block-image size-full is-resized\"><img loading=\"lazy\" decoding=\"async\" width=\"600\" height=\"600\" src=\"https:\/\/wilfriedandco.fr\/wp-content\/uploads\/2024\/07\/qrcode-4-2.png\" alt=\"\" class=\"wp-image-2013\" style=\"width:272px;height:auto\" srcset=\"https:\/\/wilfriedandco.fr\/wp-content\/uploads\/2024\/07\/qrcode-4-2.png 600w, https:\/\/wilfriedandco.fr\/wp-content\/uploads\/2024\/07\/qrcode-4-2-300x300.png 300w, https:\/\/wilfriedandco.fr\/wp-content\/uploads\/2024\/07\/qrcode-4-2-150x150.png 150w, https:\/\/wilfriedandco.fr\/wp-content\/uploads\/2024\/07\/qrcode-4-2-400x400.png 400w, https:\/\/wilfriedandco.fr\/wp-content\/uploads\/2024\/07\/qrcode-4-2-100x100.png 100w, https:\/\/wilfriedandco.fr\/wp-content\/uploads\/2024\/07\/qrcode-4-2-60x60.png 60w, https:\/\/wilfriedandco.fr\/wp-content\/uploads\/2024\/07\/qrcode-4-2-90x90.png 90w\" sizes=\"auto, (max-width: 600px) 100vw, 600px\" \/><\/figure>\n\n\n\n<p><strong>COCKTAIL VIP FESTIVAL INTERNATIONAL DU PARFUM<\/strong><\/p>\n\n\n\n<p><strong>50 euros \/ pers<\/strong><\/p>\n\n\n\n<figure class=\"wp-block-image size-full is-resized\"><img loading=\"lazy\" decoding=\"async\" width=\"600\" height=\"600\" src=\"https:\/\/wilfriedandco.fr\/wp-content\/uploads\/2024\/07\/Unknown.png\" alt=\"\" class=\"wp-image-2002\" style=\"width:277px;height:auto\" srcset=\"https:\/\/wilfriedandco.fr\/wp-content\/uploads\/2024\/07\/Unknown.png 600w, https:\/\/wilfriedandco.fr\/wp-content\/uploads\/2024\/07\/Unknown-300x300.png 300w, https:\/\/wilfriedandco.fr\/wp-content\/uploads\/2024\/07\/Unknown-150x150.png 150w, https:\/\/wilfriedandco.fr\/wp-content\/uploads\/2024\/07\/Unknown-400x400.png 400w, https:\/\/wilfriedandco.fr\/wp-content\/uploads\/2024\/07\/Unknown-100x100.png 100w, https:\/\/wilfriedandco.fr\/wp-content\/uploads\/2024\/07\/Unknown-60x60.png 60w, https:\/\/wilfriedandco.fr\/wp-content\/uploads\/2024\/07\/Unknown-90x90.png 90w\" sizes=\"auto, (max-width: 600px) 100vw, 600px\" \/><\/figure>\n\n\n\n<p><strong>STAND EXPOSANT\/EXPONENT<\/strong><\/p>\n\n\n\n<p><strong><strong>9M2&nbsp;<\/strong><\/strong>3780 euros<\/p>\n\n\n\n<div class=\"wp-block-columns is-layout-flex wp-container-core-columns-is-layout-9d6595d7 wp-block-columns-is-layout-flex\">\n<div class=\"wp-block-column is-layout-flow wp-block-column-is-layout-flow\" style=\"flex-basis:100%\">\n<figure class=\"wp-block-image size-full is-resized\"><img loading=\"lazy\" decoding=\"async\" width=\"600\" height=\"600\" src=\"https:\/\/wilfriedandco.fr\/wp-content\/uploads\/2024\/07\/qrcode-6M2-EXPOSANT-copie.jpg\" alt=\"\" class=\"wp-image-2003\" style=\"width:272px;height:auto\" srcset=\"https:\/\/wilfriedandco.fr\/wp-content\/uploads\/2024\/07\/qrcode-6M2-EXPOSANT-copie.jpg 600w, https:\/\/wilfriedandco.fr\/wp-content\/uploads\/2024\/07\/qrcode-6M2-EXPOSANT-copie-300x300.jpg 300w, https:\/\/wilfriedandco.fr\/wp-content\/uploads\/2024\/07\/qrcode-6M2-EXPOSANT-copie-150x150.jpg 150w, https:\/\/wilfriedandco.fr\/wp-content\/uploads\/2024\/07\/qrcode-6M2-EXPOSANT-copie-400x400.jpg 400w, https:\/\/wilfriedandco.fr\/wp-content\/uploads\/2024\/07\/qrcode-6M2-EXPOSANT-copie-100x100.jpg 100w, https:\/\/wilfriedandco.fr\/wp-content\/uploads\/2024\/07\/qrcode-6M2-EXPOSANT-copie-60x60.jpg 60w, https:\/\/wilfriedandco.fr\/wp-content\/uploads\/2024\/07\/qrcode-6M2-EXPOSANT-copie-90x90.jpg 90w\" sizes=\"auto, (max-width: 600px) 100vw, 600px\" \/><\/figure>\n<\/div>\n<\/div>\n\n\n\n<p><strong>6M2&nbsp;<\/strong>2520 euros<\/p>\n\n\n\n<figure class=\"wp-block-image size-full is-resized\"><img loading=\"lazy\" decoding=\"async\" width=\"600\" height=\"600\" src=\"https:\/\/wilfriedandco.fr\/wp-content\/uploads\/2024\/07\/qrcode-6M2-EXPOSANT-copie-1.jpg\" alt=\"\" class=\"wp-image-2004\" style=\"width:263px;height:auto\" srcset=\"https:\/\/wilfriedandco.fr\/wp-content\/uploads\/2024\/07\/qrcode-6M2-EXPOSANT-copie-1.jpg 600w, https:\/\/wilfriedandco.fr\/wp-content\/uploads\/2024\/07\/qrcode-6M2-EXPOSANT-copie-1-300x300.jpg 300w, https:\/\/wilfriedandco.fr\/wp-content\/uploads\/2024\/07\/qrcode-6M2-EXPOSANT-copie-1-150x150.jpg 150w, https:\/\/wilfriedandco.fr\/wp-content\/uploads\/2024\/07\/qrcode-6M2-EXPOSANT-copie-1-400x400.jpg 400w, https:\/\/wilfriedandco.fr\/wp-content\/uploads\/2024\/07\/qrcode-6M2-EXPOSANT-copie-1-100x100.jpg 100w, https:\/\/wilfriedandco.fr\/wp-content\/uploads\/2024\/07\/qrcode-6M2-EXPOSANT-copie-1-60x60.jpg 60w, https:\/\/wilfriedandco.fr\/wp-content\/uploads\/2024\/07\/qrcode-6M2-EXPOSANT-copie-1-90x90.jpg 90w\" sizes=\"auto, (max-width: 600px) 100vw, 600px\" \/><\/figure>\n\n\n\n<p><strong>12M2&nbsp;<\/strong>5040 euros<\/p>\n\n\n\n<figure class=\"wp-block-image size-full is-resized\"><img loading=\"lazy\" decoding=\"async\" width=\"600\" height=\"600\" src=\"https:\/\/wilfriedandco.fr\/wp-content\/uploads\/2024\/07\/qrcode9M2-copie.jpg\" alt=\"\" class=\"wp-image-2005\" style=\"width:263px;height:auto\" srcset=\"https:\/\/wilfriedandco.fr\/wp-content\/uploads\/2024\/07\/qrcode9M2-copie.jpg 600w, https:\/\/wilfriedandco.fr\/wp-content\/uploads\/2024\/07\/qrcode9M2-copie-300x300.jpg 300w, https:\/\/wilfriedandco.fr\/wp-content\/uploads\/2024\/07\/qrcode9M2-copie-150x150.jpg 150w, https:\/\/wilfriedandco.fr\/wp-content\/uploads\/2024\/07\/qrcode9M2-copie-400x400.jpg 400w, https:\/\/wilfriedandco.fr\/wp-content\/uploads\/2024\/07\/qrcode9M2-copie-100x100.jpg 100w, https:\/\/wilfriedandco.fr\/wp-content\/uploads\/2024\/07\/qrcode9M2-copie-60x60.jpg 60w, https:\/\/wilfriedandco.fr\/wp-content\/uploads\/2024\/07\/qrcode9M2-copie-90x90.jpg 90w\" sizes=\"auto, (max-width: 600px) 100vw, 600px\" \/><\/figure>\n\n\n\n<p><strong>3M2&nbsp;<\/strong>1500 euros<\/p>\n\n\n\n<figure class=\"wp-block-image size-large is-resized\"><img loading=\"lazy\" decoding=\"async\" width=\"1024\" height=\"1024\" src=\"https:\/\/wilfriedandco.fr\/wp-content\/uploads\/2024\/07\/qr-code-1024x1024.png\" alt=\"\" class=\"wp-image-2008\" style=\"width:250px;height:auto\" srcset=\"https:\/\/wilfriedandco.fr\/wp-content\/uploads\/2024\/07\/qr-code-1024x1024.png 1024w, https:\/\/wilfriedandco.fr\/wp-content\/uploads\/2024\/07\/qr-code-300x300.png 300w, https:\/\/wilfriedandco.fr\/wp-content\/uploads\/2024\/07\/qr-code-150x150.png 150w, https:\/\/wilfriedandco.fr\/wp-content\/uploads\/2024\/07\/qr-code-768x768.png 768w, https:\/\/wilfriedandco.fr\/wp-content\/uploads\/2024\/07\/qr-code-600x600.png 600w, https:\/\/wilfriedandco.fr\/wp-content\/uploads\/2024\/07\/qr-code-400x400.png 400w, https:\/\/wilfriedandco.fr\/wp-content\/uploads\/2024\/07\/qr-code-100x100.png 100w, https:\/\/wilfriedandco.fr\/wp-content\/uploads\/2024\/07\/qr-code-60x60.png 60w, https:\/\/wilfriedandco.fr\/wp-content\/uploads\/2024\/07\/qr-code-90x90.png 90w, https:\/\/wilfriedandco.fr\/wp-content\/uploads\/2024\/07\/qr-code.png 1113w\" sizes=\"auto, (max-width: 1024px) 100vw, 1024px\" \/><\/figure>\n\n\n\n<p><strong>PASS VISITEUR\/VISITOR 1 JOUR\/DAY \/<\/strong>10 \u20ac\/pers<\/p>\n\n\n\n<figure class=\"wp-block-image size-full is-resized\"><img loading=\"lazy\" decoding=\"async\" width=\"600\" height=\"600\" src=\"https:\/\/wilfriedandco.fr\/wp-content\/uploads\/2024\/07\/qrcode-pass-1jourcopie-1.jpg\" alt=\"\" class=\"wp-image-2012\" style=\"width:256px;height:auto\" srcset=\"https:\/\/wilfriedandco.fr\/wp-content\/uploads\/2024\/07\/qrcode-pass-1jourcopie-1.jpg 600w, https:\/\/wilfriedandco.fr\/wp-content\/uploads\/2024\/07\/qrcode-pass-1jourcopie-1-300x300.jpg 300w, https:\/\/wilfriedandco.fr\/wp-content\/uploads\/2024\/07\/qrcode-pass-1jourcopie-1-150x150.jpg 150w, https:\/\/wilfriedandco.fr\/wp-content\/uploads\/2024\/07\/qrcode-pass-1jourcopie-1-400x400.jpg 400w, https:\/\/wilfriedandco.fr\/wp-content\/uploads\/2024\/07\/qrcode-pass-1jourcopie-1-100x100.jpg 100w, https:\/\/wilfriedandco.fr\/wp-content\/uploads\/2024\/07\/qrcode-pass-1jourcopie-1-60x60.jpg 60w, https:\/\/wilfriedandco.fr\/wp-content\/uploads\/2024\/07\/qrcode-pass-1jourcopie-1-90x90.jpg 90w\" sizes=\"auto, (max-width: 600px) 100vw, 600px\" \/><\/figure>\n\n\n\n<p><\/p>\n\n\n\n<p>POUR VOS RESERVATION DE STAND COPIER COLLER ET RENVOYER CE DOCUMENT AU CONTACT.<\/p>\n\n\n\n<p class=\"has-text-align-center\">Engagement Form&nbsp;International Perfume Festival&nbsp;And Beauty&nbsp;<\/p>\n\n\n\n<p class=\"has-text-align-center\">H\u00d4TEL CANOPY by HILTON Cannes 28\/29\/30\/31 Mars 2025<\/p>\n\n\n\n<p class=\"has-text-align-center\">Company\/Organization Name<\/p>\n\n\n\n<p class=\"has-text-align-center\">ASSOCIATION PASSION MODE ET PARFUMS<\/p>\n\n\n\n<p class=\"has-text-align-center\">Representative&rsquo;s Name :<\/p>\n\n\n\n<p class=\"has-text-align-center\">Juliette DUBOIS<\/p>\n\n\n\n<p class=\"has-text-align-center\">Address :&nbsp;<\/p>\n\n\n\n<p class=\"has-text-align-center\">20 Avenue&nbsp; de Flotte 06400 Cannes<\/p>\n\n\n\n<p class=\"has-text-align-center\">Phone :<\/p>\n\n\n\n<p class=\"has-text-align-center\">06 22 80 48 72<\/p>\n\n\n\n<p class=\"has-text-align-center\">Email :<\/p>\n\n\n\n<p class=\"has-text-align-center\">presse@internationalperfumefestival.com&nbsp;&nbsp;<br>sales@internationalperfumefestival.com&nbsp;<\/p>\n\n\n\n<p class=\"has-text-align-center\">partenaires@internationalperfumefestival.com<\/p>\n\n\n\n<p class=\"has-text-align-center\">Website :<\/p>\n\n\n\n<p class=\"has-text-align-center\">festivalinternationalduparfum.com<\/p>\n\n\n\n<p class=\"has-text-align-center\">&#8212;<\/p>\n\n\n\n<p class=\"has-text-align-center\">Participation Details<\/p>\n\n\n\n<p class=\"has-text-align-center\">Type of Participation:<\/p>\n\n\n\n<p class=\"has-text-align-center\">&#8211; [&nbsp; ] Exhibitor<\/p>\n\n\n\n<p class=\"has-text-align-center\">&#8211; [&nbsp; ] Speaker<\/p>\n\n\n\n<p class=\"has-text-align-center\">&#8211; [&nbsp; ] Sponsor<\/p>\n\n\n\n<p class=\"has-text-align-center\">&#8211; [&nbsp; ] Partner<\/p>\n\n\n\n<p class=\"has-text-align-center\">&#8211; [&nbsp; ] Other: _(Please specify)_<\/p>\n\n\n\n<p class=\"has-text-align-center\">Exhibition\/Booth Name :<\/p>\n\n\n\n<p class=\"has-text-align-center\">Description of Exhibition\/Presentation :<\/p>\n\n\n\n<p class=\"has-text-align-center\">Brief description of what will be presented or activities offered during the festival<\/p>\n\n\n\n<p class=\"has-text-align-center\">&#8212;<\/p>\n\n\n\n<p class=\"has-text-align-center\">Participation Fees<\/p>\n\n\n\n<p class=\"has-text-align-center\">Price of a booth&nbsp;&nbsp;<\/p>\n\n\n\n<p class=\"has-text-align-center\">3 m2 1500 euros<br>6m2 2520 euros<br>9 M2 3780 euros<br>12 m2 5040 euros&nbsp;<br>Cocktail vip 50 euros. 42 RUE DES SERBES CANNES&nbsp;<br>D\u00eener de Gala 240 euros CANOPY by&nbsp;HILTON&nbsp;<\/p>\n\n\n\n<p class=\"has-text-align-center\">Payment Terms :<\/p>\n\n\n\n<p class=\"has-text-align-center\">Details on payment : bank transfer to&nbsp;<\/p>\n\n\n\n<p class=\"has-text-align-center\">ASSOCIATION PASSION MODE ET PARFUMS<\/p>\n\n\n\n<p class=\"has-text-align-center\">IBAN FR7614607003927071392701162<\/p>\n\n\n\n<p class=\"has-text-align-center\">BIC CCBPFRPPMAR<\/p>\n\n\n\n<p class=\"has-text-align-center\">BANQUE POPULAIRE MEDITERRANEE CANNES&nbsp;<\/p>\n\n\n\n<p class=\"has-text-align-center\">with deadlines to be respected<\/p>\n\n\n\n<p class=\"has-text-align-center\">Registration Deadline :<\/p>\n\n\n\n<p class=\"has-text-align-center\">General Terms and Conditions:<\/p>\n\n\n\n<p class=\"has-text-align-center\">Indicate that the general terms and conditions are available upon request or online, and must be read and accepted<\/p>\n\n\n\n<p class=\"has-text-align-center\">&#8212;<\/p>\n\n\n\n<p class=\"has-text-align-center\">Commitment<\/p>\n\n\n\n<p class=\"has-text-align-center\">By signing this form, I accept the general terms and conditions of participation in the International Perfume Festival and agree to adhere to the specified payment terms.<\/p>\n\n\n\n<p class=\"has-text-align-center\">Name and Signature<\/p>\n\n\n\n<p class=\"has-text-align-center\">_(Name of the signatory, position within the company, signature, and date)_<\/p>\n\n\n\n<p class=\"has-text-align-center\">&#8212;<\/p>\n\n\n\n<p class=\"has-text-align-center\">Submission Contact Detail<\/p>\n\n\n\n<p class=\"has-text-align-center\">_(Indicate the email or postal address where this form should be sent, along with any other relevant contact information).<\/p>\n\n\n\n<p class=\"has-text-align-center\">&#8212;<\/p>\n\n\n\n<p class=\"has-text-align-center\">For any questions regarding your participation, please contact:<\/p>\n\n\n\n<p class=\"has-text-align-center\">sales@internationalperfumefestival.com<\/p>\n\n\n\n<p class=\"has-text-align-center\">for Press&nbsp;<\/p>\n\n\n\n<p class=\"has-text-align-center\">presse@internationalperfumefestival.com<\/p>\n\n\n\n<p class=\"has-text-align-center\">to be partners&nbsp;<\/p>\n\n\n\n<p class=\"has-text-align-center\">partenaires@internationalperfumefestival.com<\/p>\n\n\n\n<p class=\"has-text-align-center\">General Terms and Conditions<\/p>\n\n\n\n<p class=\"has-text-align-center\">International Perfume Festival<\/p>\n\n\n\n<p class=\"has-text-align-center\">1. Definitions<\/p>\n\n\n\n<p class=\"has-text-align-center\">&#8211; Organizer: Refers to the entity responsible for organizing the International Perfume Festival.<\/p>\n\n\n\n<p class=\"has-text-align-center\">&#8211; Participant: Refers to the company, organization, or individual that has completed and submitted the engagement form to participate in the festival.<\/p>\n\n\n\n<p class=\"has-text-align-center\">&#8211; Event: Refers to the International Perfume Festival, including all related activities, exhibitions, and presentations.<\/p>\n\n\n\n<p class=\"has-text-align-center\">2. Participation<\/p>\n\n\n\n<p class=\"has-text-align-center\">&#8211; Participation is confirmed only upon receipt of the completed engagement form and payment of the applicable fees.<\/p>\n\n\n\n<p class=\"has-text-align-center\">&#8211; The Organizer reserves the right to refuse participation to any applicant that does not align with the festival&rsquo;s objectives or standards.<\/p>\n\n\n\n<p class=\"has-text-align-center\">&#8211; Participants must comply with all deadlines for registration, payment, and submission of materials.<\/p>\n\n\n\n<p class=\"has-text-align-center\">3. Fees and Payment Terms<\/p>\n\n\n\n<p class=\"has-text-align-center\">&#8211; All participation fees must be paid in full by the deadline specified in the engagement form.<\/p>\n\n\n\n<p class=\"has-text-align-center\">&#8211; Payment can be made via bank transfer, other methods as specified by the Organizer.<\/p>\n\n\n\n<p class=\"has-text-align-center\">&#8211; Failure to pay the fees by the specified deadline may result in the cancellation of the Participant\u2019s reservation.<\/p>\n\n\n\n<p class=\"has-text-align-center\">4. Cancellation Policy<\/p>\n\n\n\n<p class=\"has-text-align-center\">&#8211; Cancellations must be submitted in writing to the Organizer.<\/p>\n\n\n\n<p class=\"has-text-align-center\">&#8211; If the Participant cancels more than 90 days before the Event, 50 % of the participation fees will be refunded.<\/p>\n\n\n\n<p class=\"has-text-align-center\">&#8211; No refunds will be given for cancellations made within 60 days of the Event.<\/p>\n\n\n\n<p class=\"has-text-align-center\">5. Booth Setup and Equipment<\/p>\n\n\n\n<p class=\"has-text-align-center\">&#8211; The Participant is responsible for the setup and breakdown of their booth within the timeframes provided by the Organizer.<\/p>\n\n\n\n<p class=\"has-text-align-center\">&#8211; Any specific equipment or services required by the Participant must be requested in advance and may incur additional charges.<\/p>\n\n\n\n<p class=\"has-text-align-center\">&#8211; The Organizer will not be responsible for any damage or loss of property that occurs during the setup, duration, or breakdown of the Event.<\/p>\n\n\n\n<p class=\"has-text-align-center\">6. Liability and Insurance<\/p>\n\n\n\n<p class=\"has-text-align-center\">&#8211; The Participant is required to have adequate insurance coverage for their participation in the Event, including public liability insurance.<\/p>\n\n\n\n<p class=\"has-text-align-center\">&#8211; The Organizer shall not be liable for any loss, damage, or injury to persons or property caused by the Participant or their representatives.<\/p>\n\n\n\n<p class=\"has-text-align-center\">&#8211; The Organizer will not be responsible for any disruptions, including those caused by natural disasters, strikes, or other events beyond their control.<\/p>\n\n\n\n<p class=\"has-text-align-center\">7. Compliance with Laws<\/p>\n\n\n\n<p class=\"has-text-align-center\">&#8211; The Participant agrees to comply with all local laws and regulations applicable to their participation in the Event.<\/p>\n\n\n\n<p class=\"has-text-align-center\">&#8211; Any materials, products, or services exhibited by the Participant must comply with all relevant legal and safety standards.<\/p>\n\n\n\n<p class=\"has-text-align-center\">8. Intellectual Property<\/p>\n\n\n\n<p class=\"has-text-align-center\">&#8211; The Participant is responsible for ensuring that all materials used or displayed at the Event do not infringe on the intellectual property rights of any third party.<\/p>\n\n\n\n<p class=\"has-text-align-center\">&#8211; The Participant grants the Organizer the right to use their name, logo, and any promotional materials for the purpose of marketing the Event.<\/p>\n\n\n\n<p class=\"has-text-align-center\">9. Data Protection<\/p>\n\n\n\n<p class=\"has-text-align-center\">&#8211; The Participant agrees that their personal data may be collected and processed by the Organizer for the purposes of organizing and promoting the Event.<\/p>\n\n\n\n<p class=\"has-text-align-center\">&#8211; The Organizer will handle all personal data in accordance with applicable data protection laws.<\/p>\n\n\n\n<p class=\"has-text-align-center\">10. Amendments and Changes<\/p>\n\n\n\n<p class=\"has-text-align-center\">&#8211; The Organizer reserves the right to make changes to the Event schedule, venue, or other details. Participants will be informed of any significant changes in a timely manner.<\/p>\n\n\n\n<p class=\"has-text-align-center\">&#8211; The Organizer may amend these terms and conditions at any time. Any changes will be communicated to Participants as soon as possible.<\/p>\n\n\n\n<p class=\"has-text-align-center\">11. Governing Law and Jurisdiction<\/p>\n\n\n\n<p class=\"has-text-align-center\">&#8211; These terms and conditions are governed by the laws of France tribunal of Cannes<\/p>\n\n\n\n<p class=\"has-text-align-center\">&#8211; Any disputes arising from participation in the Event shall be subject to the exclusive jurisdiction of the courts of Cannes<\/p>\n\n\n\n<p class=\"has-text-align-center\">&#8212;<\/p>\n\n\n\n<p class=\"has-text-align-center\">Acceptance of Terms<\/p>\n\n\n\n<p class=\"has-text-align-center\">By submitting the engagement form and participating in the Event, the Participant acknowledges that they have read, understood, and agreed to these General Terms and Conditions.<\/p>\n\n\n\n<p class=\"has-text-align-center\">FOR THE EXHIBITORS&nbsp;<\/p>\n\n\n\n<p class=\"has-text-align-center\">Send to sales@internationalperfumefestival.com<\/p>\n\n\n\n<p class=\"has-text-align-center\">And to ASSOCIATION PASSION MODE ET PARFUMS&nbsp;<\/p>\n\n\n\n<p class=\"has-text-align-center\">JULY OF ST BARTH&nbsp;<\/p>\n\n\n\n<p class=\"has-text-align-center\">564 Route de Vallauris &nbsp; Le clos de la montagne 06220 VALLAURIS&nbsp;<\/p>\n\n\n\n<p class=\"has-text-align-center\">2 photos&nbsp; of the brands , Brand presentation and 2 samples of Perfumes of Cosmetics in original size .<\/p>\n\n\n\n<p class=\"has-text-align-center\">Insurance policy documents<\/p>\n\n\n\n<p class=\"has-text-align-center\">The Engagement form signed with stamp with date&nbsp;<\/p>\n\n\n\n<p class=\"has-text-align-center\">List of your distributors worldwide<\/p>\n\n\n\n<p class=\"has-text-align-center\">The committee of selection will give you the answer to expose at the international Perfume Festival&nbsp;<\/p>\n\n\n\n<p class=\"has-text-align-center\">EXHIBITION DATES&nbsp;<\/p>\n\n\n\n<p class=\"has-text-align-center\">28\/29\/30\/31 MARCH 2025<\/p>\n\n\n\n<p class=\"has-text-align-center\">EXHIBITION START THE FRIDAY&nbsp;AT 13PM 28 MARCH to 6PM<\/p>\n\n\n\n<p class=\"has-text-align-center\">OPEN TIME PUBLIC 29 AND 30 MARCH 10AM TO 6PM<\/p>\n\n\n\n<p class=\"has-text-align-center\">END AND DISASSEMBLY&nbsp;30 MARCH AFTER&nbsp;6PM<\/p>\n\n\n\n<p class=\"has-text-align-center\">SET&nbsp; 28 MARCH&nbsp; 8:30 AM TO 12H30PM<\/p>\n\n\n\n<p class=\"has-text-align-center\">The organization will not be responsible for the Material left<\/p>\n","protected":false},"excerpt":{"rendered":"<p>Par Wilfried Nicault Du vendredi 28 au lundi 31 mars Une nouvelle \u00e9toile s\u2019appr\u00eate \u00e0 briller sur la C\u00f4te d\u2019Azur.Les passionn\u00e9s de parfum, de beaut\u00e9 et de luxe du monde entier sont invit\u00e9s \u00e0 se r\u00e9unir pour un \u00e9v\u00e9nement unique. Organis\u00e9 par l\u2019association Passion Mode et Parfums pr\u00e9sid\u00e9e par Juliette Dubois, cet \u00e9v\u00e9nement promet d\u2019\u00eatre [&hellip;]<\/p>\n","protected":false},"author":1,"featured_media":0,"comment_status":"open","ping_status":"open","sticky":false,"template":"","format":"standard","meta":{"ocean_post_layout":"","ocean_both_sidebars_style":"","ocean_both_sidebars_content_width":0,"ocean_both_sidebars_sidebars_width":0,"ocean_sidebar":"","ocean_second_sidebar":"","ocean_disable_margins":"enable","ocean_add_body_class":"","ocean_shortcode_before_top_bar":"","ocean_shortcode_after_top_bar":"","ocean_shortcode_before_header":"","ocean_shortcode_after_header":"","ocean_has_shortcode":"","ocean_shortcode_after_title":"","ocean_shortcode_before_footer_widgets":"","ocean_shortcode_after_footer_widgets":"","ocean_shortcode_before_footer_bottom":"","ocean_shortcode_after_footer_bottom":"","ocean_display_top_bar":"default","ocean_display_header":"default","ocean_header_style":"","ocean_center_header_left_menu":"","ocean_custom_header_template":"","ocean_custom_logo":0,"ocean_custom_retina_logo":0,"ocean_custom_logo_max_width":0,"ocean_custom_logo_tablet_max_width":0,"ocean_custom_logo_mobile_max_width":0,"ocean_custom_logo_max_height":0,"ocean_custom_logo_tablet_max_height":0,"ocean_custom_logo_mobile_max_height":0,"ocean_header_custom_menu":"","ocean_menu_typo_font_family":"","ocean_menu_typo_font_subset":"","ocean_menu_typo_font_size":0,"ocean_menu_typo_font_size_tablet":0,"ocean_menu_typo_font_size_mobile":0,"ocean_menu_typo_font_size_unit":"px","ocean_menu_typo_font_weight":"","ocean_menu_typo_font_weight_tablet":"","ocean_menu_typo_font_weight_mobile":"","ocean_menu_typo_transform":"","ocean_menu_typo_transform_tablet":"","ocean_menu_typo_transform_mobile":"","ocean_menu_typo_line_height":0,"ocean_menu_typo_line_height_tablet":0,"ocean_menu_typo_line_height_mobile":0,"ocean_menu_typo_line_height_unit":"","ocean_menu_typo_spacing":0,"ocean_menu_typo_spacing_tablet":0,"ocean_menu_typo_spacing_mobile":0,"ocean_menu_typo_spacing_unit":"","ocean_menu_link_color":"","ocean_menu_link_color_hover":"","ocean_menu_link_color_active":"","ocean_menu_link_background":"","ocean_menu_link_hover_background":"","ocean_menu_link_active_background":"","ocean_menu_social_links_bg":"","ocean_menu_social_hover_links_bg":"","ocean_menu_social_links_color":"","ocean_menu_social_hover_links_color":"","ocean_disable_title":"default","ocean_disable_heading":"default","ocean_post_title":"","ocean_post_subheading":"","ocean_post_title_style":"","ocean_post_title_background_color":"","ocean_post_title_background":0,"ocean_post_title_bg_image_position":"","ocean_post_title_bg_image_attachment":"","ocean_post_title_bg_image_repeat":"","ocean_post_title_bg_image_size":"","ocean_post_title_height":0,"ocean_post_title_bg_overlay":0.5,"ocean_post_title_bg_overlay_color":"","ocean_disable_breadcrumbs":"default","ocean_breadcrumbs_color":"","ocean_breadcrumbs_separator_color":"","ocean_breadcrumbs_links_color":"","ocean_breadcrumbs_links_hover_color":"","ocean_display_footer_widgets":"default","ocean_display_footer_bottom":"default","ocean_custom_footer_template":"","ocean_post_oembed":"","ocean_post_self_hosted_media":"","ocean_post_video_embed":"","ocean_link_format":"","ocean_link_format_target":"self","ocean_quote_format":"","ocean_quote_format_link":"post","ocean_gallery_link_images":"on","ocean_gallery_id":[],"footnotes":""},"categories":[1],"tags":[],"class_list":["post-1940","post","type-post","status-publish","format-standard","hentry","category-non-classe","entry","owp-thumbs-layout-horizontal","owp-btn-normal","owp-tabs-layout-horizontal","has-no-thumbnails","has-product-nav"],"yoast_head":"<!-- This site is optimized with the Yoast SEO plugin v27.5 - https:\/\/yoast.com\/product\/yoast-seo-wordpress\/ -->\n<title>INVITATION \u00c0 CANNES : LE FESTIVAL INTERNATIONAL DU PARFUM INAUGURE SA PREMI\u00c8RE \u00c9DITION - WILFRIEDandCO<\/title>\n<meta name=\"description\" content=\"Festival International du Parfum, Cannes, parfum, beaut\u00e9, luxe, atelier de cr\u00e9ation, conf\u00e9rences, innovation olfactive, distributeurs internationaux, c\u00e9l\u00e9brit\u00e9s, nez fran\u00e7ais, pierres et m\u00e9taux pr\u00e9cieux.\" \/>\n<meta name=\"robots\" content=\"index, follow, max-snippet:-1, max-image-preview:large, max-video-preview:-1\" \/>\n<link rel=\"canonical\" href=\"https:\/\/wilfriedandco.fr\/index.php\/2024\/07\/04\/invitation-a-cannes-le-festival-international-du-parfum-inaugure-sa-premiere-edition\/\" \/>\n<meta property=\"og:locale\" content=\"fr_FR\" \/>\n<meta property=\"og:type\" content=\"article\" \/>\n<meta property=\"og:title\" content=\"INVITATION \u00c0 CANNES : LE FESTIVAL INTERNATIONAL DU PARFUM INAUGURE SA PREMI\u00c8RE \u00c9DITION - WILFRIEDandCO\" \/>\n<meta property=\"og:description\" content=\"Festival International du Parfum, Cannes, parfum, beaut\u00e9, luxe, atelier de cr\u00e9ation, conf\u00e9rences, innovation olfactive, distributeurs internationaux, c\u00e9l\u00e9brit\u00e9s, nez fran\u00e7ais, pierres et m\u00e9taux pr\u00e9cieux.\" \/>\n<meta property=\"og:url\" content=\"https:\/\/wilfriedandco.fr\/index.php\/2024\/07\/04\/invitation-a-cannes-le-festival-international-du-parfum-inaugure-sa-premiere-edition\/\" \/>\n<meta property=\"og:site_name\" content=\"WILFRIEDandCO\" \/>\n<meta property=\"article:published_time\" content=\"2024-07-04T12:18:24+00:00\" \/>\n<meta property=\"article:modified_time\" content=\"2025-02-12T17:49:36+00:00\" \/>\n<meta property=\"og:image\" content=\"https:\/\/wilfriedandco.fr\/wp-content\/uploads\/2024\/07\/FESTIVAL-INTERNATIONAL-DU-PARFUM-2-SPONSORS-1-2.jpg\" \/>\n\t<meta property=\"og:image:width\" content=\"1795\" \/>\n\t<meta property=\"og:image:height\" content=\"2527\" \/>\n\t<meta property=\"og:image:type\" content=\"image\/jpeg\" \/>\n<meta name=\"author\" content=\"wilfried\" \/>\n<meta name=\"twitter:card\" content=\"summary_large_image\" \/>\n<meta name=\"twitter:label1\" content=\"\u00c9crit par\" \/>\n\t<meta name=\"twitter:data1\" content=\"wilfried\" \/>\n\t<meta name=\"twitter:label2\" content=\"Dur\u00e9e de lecture estim\u00e9e\" \/>\n\t<meta name=\"twitter:data2\" content=\"10 minutes\" \/>\n<script type=\"application\/ld+json\" class=\"yoast-schema-graph\">{\"@context\":\"https:\\\/\\\/schema.org\",\"@graph\":[{\"@type\":\"Article\",\"@id\":\"https:\\\/\\\/wilfriedandco.fr\\\/index.php\\\/2024\\\/07\\\/04\\\/invitation-a-cannes-le-festival-international-du-parfum-inaugure-sa-premiere-edition\\\/#article\",\"isPartOf\":{\"@id\":\"https:\\\/\\\/wilfriedandco.fr\\\/index.php\\\/2024\\\/07\\\/04\\\/invitation-a-cannes-le-festival-international-du-parfum-inaugure-sa-premiere-edition\\\/\"},\"author\":{\"name\":\"wilfried\",\"@id\":\"https:\\\/\\\/wilfriedandco.fr\\\/#\\\/schema\\\/person\\\/b7fada9c8cfcfd714f4d5768ad84629d\"},\"headline\":\"INVITATION \u00c0 CANNES : LE FESTIVAL INTERNATIONAL DU PARFUM INAUGURE SA PREMI\u00c8RE \u00c9DITION\",\"datePublished\":\"2024-07-04T12:18:24+00:00\",\"dateModified\":\"2025-02-12T17:49:36+00:00\",\"mainEntityOfPage\":{\"@id\":\"https:\\\/\\\/wilfriedandco.fr\\\/index.php\\\/2024\\\/07\\\/04\\\/invitation-a-cannes-le-festival-international-du-parfum-inaugure-sa-premiere-edition\\\/\"},\"wordCount\":1614,\"commentCount\":0,\"publisher\":{\"@id\":\"https:\\\/\\\/wilfriedandco.fr\\\/#organization\"},\"image\":{\"@id\":\"https:\\\/\\\/wilfriedandco.fr\\\/index.php\\\/2024\\\/07\\\/04\\\/invitation-a-cannes-le-festival-international-du-parfum-inaugure-sa-premiere-edition\\\/#primaryimage\"},\"thumbnailUrl\":\"https:\\\/\\\/wilfriedandco.fr\\\/wp-content\\\/uploads\\\/2024\\\/07\\\/FESTIVAL-INTERNATIONAL-DU-PARFUM-2-SPONSORS-1-2-727x1024.jpg\",\"inLanguage\":\"fr-FR\",\"potentialAction\":[{\"@type\":\"CommentAction\",\"name\":\"Comment\",\"target\":[\"https:\\\/\\\/wilfriedandco.fr\\\/index.php\\\/2024\\\/07\\\/04\\\/invitation-a-cannes-le-festival-international-du-parfum-inaugure-sa-premiere-edition\\\/#respond\"]}]},{\"@type\":\"WebPage\",\"@id\":\"https:\\\/\\\/wilfriedandco.fr\\\/index.php\\\/2024\\\/07\\\/04\\\/invitation-a-cannes-le-festival-international-du-parfum-inaugure-sa-premiere-edition\\\/\",\"url\":\"https:\\\/\\\/wilfriedandco.fr\\\/index.php\\\/2024\\\/07\\\/04\\\/invitation-a-cannes-le-festival-international-du-parfum-inaugure-sa-premiere-edition\\\/\",\"name\":\"INVITATION \u00c0 CANNES : LE FESTIVAL INTERNATIONAL DU PARFUM INAUGURE SA PREMI\u00c8RE \u00c9DITION - WILFRIEDandCO\",\"isPartOf\":{\"@id\":\"https:\\\/\\\/wilfriedandco.fr\\\/#website\"},\"primaryImageOfPage\":{\"@id\":\"https:\\\/\\\/wilfriedandco.fr\\\/index.php\\\/2024\\\/07\\\/04\\\/invitation-a-cannes-le-festival-international-du-parfum-inaugure-sa-premiere-edition\\\/#primaryimage\"},\"image\":{\"@id\":\"https:\\\/\\\/wilfriedandco.fr\\\/index.php\\\/2024\\\/07\\\/04\\\/invitation-a-cannes-le-festival-international-du-parfum-inaugure-sa-premiere-edition\\\/#primaryimage\"},\"thumbnailUrl\":\"https:\\\/\\\/wilfriedandco.fr\\\/wp-content\\\/uploads\\\/2024\\\/07\\\/FESTIVAL-INTERNATIONAL-DU-PARFUM-2-SPONSORS-1-2-727x1024.jpg\",\"datePublished\":\"2024-07-04T12:18:24+00:00\",\"dateModified\":\"2025-02-12T17:49:36+00:00\",\"description\":\"Festival International du Parfum, Cannes, parfum, beaut\u00e9, luxe, atelier de cr\u00e9ation, conf\u00e9rences, innovation olfactive, distributeurs internationaux, c\u00e9l\u00e9brit\u00e9s, nez fran\u00e7ais, pierres et m\u00e9taux pr\u00e9cieux.\",\"breadcrumb\":{\"@id\":\"https:\\\/\\\/wilfriedandco.fr\\\/index.php\\\/2024\\\/07\\\/04\\\/invitation-a-cannes-le-festival-international-du-parfum-inaugure-sa-premiere-edition\\\/#breadcrumb\"},\"inLanguage\":\"fr-FR\",\"potentialAction\":[{\"@type\":\"ReadAction\",\"target\":[\"https:\\\/\\\/wilfriedandco.fr\\\/index.php\\\/2024\\\/07\\\/04\\\/invitation-a-cannes-le-festival-international-du-parfum-inaugure-sa-premiere-edition\\\/\"]}]},{\"@type\":\"ImageObject\",\"inLanguage\":\"fr-FR\",\"@id\":\"https:\\\/\\\/wilfriedandco.fr\\\/index.php\\\/2024\\\/07\\\/04\\\/invitation-a-cannes-le-festival-international-du-parfum-inaugure-sa-premiere-edition\\\/#primaryimage\",\"url\":\"https:\\\/\\\/wilfriedandco.fr\\\/wp-content\\\/uploads\\\/2024\\\/07\\\/FESTIVAL-INTERNATIONAL-DU-PARFUM-2-SPONSORS-1-2.jpg\",\"contentUrl\":\"https:\\\/\\\/wilfriedandco.fr\\\/wp-content\\\/uploads\\\/2024\\\/07\\\/FESTIVAL-INTERNATIONAL-DU-PARFUM-2-SPONSORS-1-2.jpg\",\"width\":1795,\"height\":2527},{\"@type\":\"BreadcrumbList\",\"@id\":\"https:\\\/\\\/wilfriedandco.fr\\\/index.php\\\/2024\\\/07\\\/04\\\/invitation-a-cannes-le-festival-international-du-parfum-inaugure-sa-premiere-edition\\\/#breadcrumb\",\"itemListElement\":[{\"@type\":\"ListItem\",\"position\":1,\"name\":\"Accueil\",\"item\":\"https:\\\/\\\/wilfriedandco.fr\\\/\"},{\"@type\":\"ListItem\",\"position\":2,\"name\":\"INVITATION \u00c0 CANNES : LE FESTIVAL INTERNATIONAL DU PARFUM INAUGURE SA PREMI\u00c8RE \u00c9DITION\"}]},{\"@type\":\"WebSite\",\"@id\":\"https:\\\/\\\/wilfriedandco.fr\\\/#website\",\"url\":\"https:\\\/\\\/wilfriedandco.fr\\\/\",\"name\":\"WILFRIEDandCO\",\"description\":\"UN LUXE POUR VOTRE BIEN-\u00caTRE\",\"publisher\":{\"@id\":\"https:\\\/\\\/wilfriedandco.fr\\\/#organization\"},\"potentialAction\":[{\"@type\":\"SearchAction\",\"target\":{\"@type\":\"EntryPoint\",\"urlTemplate\":\"https:\\\/\\\/wilfriedandco.fr\\\/?s={search_term_string}\"},\"query-input\":{\"@type\":\"PropertyValueSpecification\",\"valueRequired\":true,\"valueName\":\"search_term_string\"}}],\"inLanguage\":\"fr-FR\"},{\"@type\":\"Organization\",\"@id\":\"https:\\\/\\\/wilfriedandco.fr\\\/#organization\",\"name\":\"WILFRIEDandCO\",\"url\":\"https:\\\/\\\/wilfriedandco.fr\\\/\",\"logo\":{\"@type\":\"ImageObject\",\"inLanguage\":\"fr-FR\",\"@id\":\"https:\\\/\\\/wilfriedandco.fr\\\/#\\\/schema\\\/logo\\\/image\\\/\",\"url\":\"https:\\\/\\\/wilfriedandco.fr\\\/wp-content\\\/uploads\\\/2020\\\/04\\\/IMG_1446.jpg\",\"contentUrl\":\"https:\\\/\\\/wilfriedandco.fr\\\/wp-content\\\/uploads\\\/2020\\\/04\\\/IMG_1446.jpg\",\"width\":2048,\"height\":744,\"caption\":\"WILFRIEDandCO\"},\"image\":{\"@id\":\"https:\\\/\\\/wilfriedandco.fr\\\/#\\\/schema\\\/logo\\\/image\\\/\"}},{\"@type\":\"Person\",\"@id\":\"https:\\\/\\\/wilfriedandco.fr\\\/#\\\/schema\\\/person\\\/b7fada9c8cfcfd714f4d5768ad84629d\",\"name\":\"wilfried\",\"image\":{\"@type\":\"ImageObject\",\"inLanguage\":\"fr-FR\",\"@id\":\"https:\\\/\\\/secure.gravatar.com\\\/avatar\\\/08bf92bacc659b45535a4e159dcfbcaa1ec5fb0d891f968feb30ca9be3ac0efa?s=96&d=mm&r=g\",\"url\":\"https:\\\/\\\/secure.gravatar.com\\\/avatar\\\/08bf92bacc659b45535a4e159dcfbcaa1ec5fb0d891f968feb30ca9be3ac0efa?s=96&d=mm&r=g\",\"contentUrl\":\"https:\\\/\\\/secure.gravatar.com\\\/avatar\\\/08bf92bacc659b45535a4e159dcfbcaa1ec5fb0d891f968feb30ca9be3ac0efa?s=96&d=mm&r=g\",\"caption\":\"wilfried\"},\"url\":\"https:\\\/\\\/wilfriedandco.fr\\\/index.php\\\/author\\\/wilfried\\\/\"}]}<\/script>\n<!-- \/ Yoast SEO plugin. -->","yoast_head_json":{"title":"INVITATION \u00c0 CANNES : LE FESTIVAL INTERNATIONAL DU PARFUM INAUGURE SA PREMI\u00c8RE \u00c9DITION - WILFRIEDandCO","description":"Festival International du Parfum, Cannes, parfum, beaut\u00e9, luxe, atelier de cr\u00e9ation, conf\u00e9rences, innovation olfactive, distributeurs internationaux, c\u00e9l\u00e9brit\u00e9s, nez fran\u00e7ais, pierres et m\u00e9taux pr\u00e9cieux.","robots":{"index":"index","follow":"follow","max-snippet":"max-snippet:-1","max-image-preview":"max-image-preview:large","max-video-preview":"max-video-preview:-1"},"canonical":"https:\/\/wilfriedandco.fr\/index.php\/2024\/07\/04\/invitation-a-cannes-le-festival-international-du-parfum-inaugure-sa-premiere-edition\/","og_locale":"fr_FR","og_type":"article","og_title":"INVITATION \u00c0 CANNES : LE FESTIVAL INTERNATIONAL DU PARFUM INAUGURE SA PREMI\u00c8RE \u00c9DITION - WILFRIEDandCO","og_description":"Festival International du Parfum, Cannes, parfum, beaut\u00e9, luxe, atelier de cr\u00e9ation, conf\u00e9rences, innovation olfactive, distributeurs internationaux, c\u00e9l\u00e9brit\u00e9s, nez fran\u00e7ais, pierres et m\u00e9taux pr\u00e9cieux.","og_url":"https:\/\/wilfriedandco.fr\/index.php\/2024\/07\/04\/invitation-a-cannes-le-festival-international-du-parfum-inaugure-sa-premiere-edition\/","og_site_name":"WILFRIEDandCO","article_published_time":"2024-07-04T12:18:24+00:00","article_modified_time":"2025-02-12T17:49:36+00:00","og_image":[{"width":1795,"height":2527,"url":"https:\/\/wilfriedandco.fr\/wp-content\/uploads\/2024\/07\/FESTIVAL-INTERNATIONAL-DU-PARFUM-2-SPONSORS-1-2.jpg","type":"image\/jpeg"}],"author":"wilfried","twitter_card":"summary_large_image","twitter_misc":{"\u00c9crit par":"wilfried","Dur\u00e9e de lecture estim\u00e9e":"10 minutes"},"schema":{"@context":"https:\/\/schema.org","@graph":[{"@type":"Article","@id":"https:\/\/wilfriedandco.fr\/index.php\/2024\/07\/04\/invitation-a-cannes-le-festival-international-du-parfum-inaugure-sa-premiere-edition\/#article","isPartOf":{"@id":"https:\/\/wilfriedandco.fr\/index.php\/2024\/07\/04\/invitation-a-cannes-le-festival-international-du-parfum-inaugure-sa-premiere-edition\/"},"author":{"name":"wilfried","@id":"https:\/\/wilfriedandco.fr\/#\/schema\/person\/b7fada9c8cfcfd714f4d5768ad84629d"},"headline":"INVITATION \u00c0 CANNES : LE FESTIVAL INTERNATIONAL DU PARFUM INAUGURE SA PREMI\u00c8RE \u00c9DITION","datePublished":"2024-07-04T12:18:24+00:00","dateModified":"2025-02-12T17:49:36+00:00","mainEntityOfPage":{"@id":"https:\/\/wilfriedandco.fr\/index.php\/2024\/07\/04\/invitation-a-cannes-le-festival-international-du-parfum-inaugure-sa-premiere-edition\/"},"wordCount":1614,"commentCount":0,"publisher":{"@id":"https:\/\/wilfriedandco.fr\/#organization"},"image":{"@id":"https:\/\/wilfriedandco.fr\/index.php\/2024\/07\/04\/invitation-a-cannes-le-festival-international-du-parfum-inaugure-sa-premiere-edition\/#primaryimage"},"thumbnailUrl":"https:\/\/wilfriedandco.fr\/wp-content\/uploads\/2024\/07\/FESTIVAL-INTERNATIONAL-DU-PARFUM-2-SPONSORS-1-2-727x1024.jpg","inLanguage":"fr-FR","potentialAction":[{"@type":"CommentAction","name":"Comment","target":["https:\/\/wilfriedandco.fr\/index.php\/2024\/07\/04\/invitation-a-cannes-le-festival-international-du-parfum-inaugure-sa-premiere-edition\/#respond"]}]},{"@type":"WebPage","@id":"https:\/\/wilfriedandco.fr\/index.php\/2024\/07\/04\/invitation-a-cannes-le-festival-international-du-parfum-inaugure-sa-premiere-edition\/","url":"https:\/\/wilfriedandco.fr\/index.php\/2024\/07\/04\/invitation-a-cannes-le-festival-international-du-parfum-inaugure-sa-premiere-edition\/","name":"INVITATION \u00c0 CANNES : LE FESTIVAL INTERNATIONAL DU PARFUM INAUGURE SA PREMI\u00c8RE \u00c9DITION - WILFRIEDandCO","isPartOf":{"@id":"https:\/\/wilfriedandco.fr\/#website"},"primaryImageOfPage":{"@id":"https:\/\/wilfriedandco.fr\/index.php\/2024\/07\/04\/invitation-a-cannes-le-festival-international-du-parfum-inaugure-sa-premiere-edition\/#primaryimage"},"image":{"@id":"https:\/\/wilfriedandco.fr\/index.php\/2024\/07\/04\/invitation-a-cannes-le-festival-international-du-parfum-inaugure-sa-premiere-edition\/#primaryimage"},"thumbnailUrl":"https:\/\/wilfriedandco.fr\/wp-content\/uploads\/2024\/07\/FESTIVAL-INTERNATIONAL-DU-PARFUM-2-SPONSORS-1-2-727x1024.jpg","datePublished":"2024-07-04T12:18:24+00:00","dateModified":"2025-02-12T17:49:36+00:00","description":"Festival International du Parfum, Cannes, parfum, beaut\u00e9, luxe, atelier de cr\u00e9ation, conf\u00e9rences, innovation olfactive, distributeurs internationaux, c\u00e9l\u00e9brit\u00e9s, nez fran\u00e7ais, pierres et m\u00e9taux pr\u00e9cieux.","breadcrumb":{"@id":"https:\/\/wilfriedandco.fr\/index.php\/2024\/07\/04\/invitation-a-cannes-le-festival-international-du-parfum-inaugure-sa-premiere-edition\/#breadcrumb"},"inLanguage":"fr-FR","potentialAction":[{"@type":"ReadAction","target":["https:\/\/wilfriedandco.fr\/index.php\/2024\/07\/04\/invitation-a-cannes-le-festival-international-du-parfum-inaugure-sa-premiere-edition\/"]}]},{"@type":"ImageObject","inLanguage":"fr-FR","@id":"https:\/\/wilfriedandco.fr\/index.php\/2024\/07\/04\/invitation-a-cannes-le-festival-international-du-parfum-inaugure-sa-premiere-edition\/#primaryimage","url":"https:\/\/wilfriedandco.fr\/wp-content\/uploads\/2024\/07\/FESTIVAL-INTERNATIONAL-DU-PARFUM-2-SPONSORS-1-2.jpg","contentUrl":"https:\/\/wilfriedandco.fr\/wp-content\/uploads\/2024\/07\/FESTIVAL-INTERNATIONAL-DU-PARFUM-2-SPONSORS-1-2.jpg","width":1795,"height":2527},{"@type":"BreadcrumbList","@id":"https:\/\/wilfriedandco.fr\/index.php\/2024\/07\/04\/invitation-a-cannes-le-festival-international-du-parfum-inaugure-sa-premiere-edition\/#breadcrumb","itemListElement":[{"@type":"ListItem","position":1,"name":"Accueil","item":"https:\/\/wilfriedandco.fr\/"},{"@type":"ListItem","position":2,"name":"INVITATION \u00c0 CANNES : LE FESTIVAL INTERNATIONAL DU PARFUM INAUGURE SA PREMI\u00c8RE \u00c9DITION"}]},{"@type":"WebSite","@id":"https:\/\/wilfriedandco.fr\/#website","url":"https:\/\/wilfriedandco.fr\/","name":"WILFRIEDandCO","description":"UN LUXE POUR VOTRE BIEN-\u00caTRE","publisher":{"@id":"https:\/\/wilfriedandco.fr\/#organization"},"potentialAction":[{"@type":"SearchAction","target":{"@type":"EntryPoint","urlTemplate":"https:\/\/wilfriedandco.fr\/?s={search_term_string}"},"query-input":{"@type":"PropertyValueSpecification","valueRequired":true,"valueName":"search_term_string"}}],"inLanguage":"fr-FR"},{"@type":"Organization","@id":"https:\/\/wilfriedandco.fr\/#organization","name":"WILFRIEDandCO","url":"https:\/\/wilfriedandco.fr\/","logo":{"@type":"ImageObject","inLanguage":"fr-FR","@id":"https:\/\/wilfriedandco.fr\/#\/schema\/logo\/image\/","url":"https:\/\/wilfriedandco.fr\/wp-content\/uploads\/2020\/04\/IMG_1446.jpg","contentUrl":"https:\/\/wilfriedandco.fr\/wp-content\/uploads\/2020\/04\/IMG_1446.jpg","width":2048,"height":744,"caption":"WILFRIEDandCO"},"image":{"@id":"https:\/\/wilfriedandco.fr\/#\/schema\/logo\/image\/"}},{"@type":"Person","@id":"https:\/\/wilfriedandco.fr\/#\/schema\/person\/b7fada9c8cfcfd714f4d5768ad84629d","name":"wilfried","image":{"@type":"ImageObject","inLanguage":"fr-FR","@id":"https:\/\/secure.gravatar.com\/avatar\/08bf92bacc659b45535a4e159dcfbcaa1ec5fb0d891f968feb30ca9be3ac0efa?s=96&d=mm&r=g","url":"https:\/\/secure.gravatar.com\/avatar\/08bf92bacc659b45535a4e159dcfbcaa1ec5fb0d891f968feb30ca9be3ac0efa?s=96&d=mm&r=g","contentUrl":"https:\/\/secure.gravatar.com\/avatar\/08bf92bacc659b45535a4e159dcfbcaa1ec5fb0d891f968feb30ca9be3ac0efa?s=96&d=mm&r=g","caption":"wilfried"},"url":"https:\/\/wilfriedandco.fr\/index.php\/author\/wilfried\/"}]}},"jetpack_featured_media_url":"","_links":{"self":[{"href":"https:\/\/wilfriedandco.fr\/index.php\/wp-json\/wp\/v2\/posts\/1940","targetHints":{"allow":["GET"]}}],"collection":[{"href":"https:\/\/wilfriedandco.fr\/index.php\/wp-json\/wp\/v2\/posts"}],"about":[{"href":"https:\/\/wilfriedandco.fr\/index.php\/wp-json\/wp\/v2\/types\/post"}],"author":[{"embeddable":true,"href":"https:\/\/wilfriedandco.fr\/index.php\/wp-json\/wp\/v2\/users\/1"}],"replies":[{"embeddable":true,"href":"https:\/\/wilfriedandco.fr\/index.php\/wp-json\/wp\/v2\/comments?post=1940"}],"version-history":[{"count":5,"href":"https:\/\/wilfriedandco.fr\/index.php\/wp-json\/wp\/v2\/posts\/1940\/revisions"}],"predecessor-version":[{"id":2014,"href":"https:\/\/wilfriedandco.fr\/index.php\/wp-json\/wp\/v2\/posts\/1940\/revisions\/2014"}],"wp:attachment":[{"href":"https:\/\/wilfriedandco.fr\/index.php\/wp-json\/wp\/v2\/media?parent=1940"}],"wp:term":[{"taxonomy":"category","embeddable":true,"href":"https:\/\/wilfriedandco.fr\/index.php\/wp-json\/wp\/v2\/categories?post=1940"},{"taxonomy":"post_tag","embeddable":true,"href":"https:\/\/wilfriedandco.fr\/index.php\/wp-json\/wp\/v2\/tags?post=1940"}],"curies":[{"name":"wp","href":"https:\/\/api.w.org\/{rel}","templated":true}]}}